{"id":67,"date":"2022-05-22T16:54:27","date_gmt":"2022-05-22T21:54:27","guid":{"rendered":"https:\/\/kristinacorey.net\/?p=67"},"modified":"2022-06-24T23:27:33","modified_gmt":"2022-06-25T04:27:33","slug":"baptismal-record-for-piedad-duran","status":"publish","type":"post","link":"https:\/\/kristinacorey.net\/index.php\/2022\/05\/22\/baptismal-record-for-piedad-duran\/","title":{"rendered":"Baptismal Record for Piedad Duran"},"content":{"rendered":"\n<p>My Spanish language skills are nonexistent; yet the classes I did take in school helped me enough to make sure Google Translate wasn&#8217;t translating garbage.<\/p>\n\n\n\n<figure class=\"wp-block-image size-large\"><img loading=\"lazy\" width=\"1024\" height=\"472\" src=\"https:\/\/kristinacorey.net\/wp-content\/uploads\/2022\/06\/281477293_10224687268441994_234206867113249750_n-1024x472.jpg\" alt=\"\" class=\"wp-image-68\" srcset=\"https:\/\/kristinacorey.net\/wp-content\/uploads\/2022\/06\/281477293_10224687268441994_234206867113249750_n-1024x472.jpg 1024w, https:\/\/kristinacorey.net\/wp-content\/uploads\/2022\/06\/281477293_10224687268441994_234206867113249750_n-300x138.jpg 300w, https:\/\/kristinacorey.net\/wp-content\/uploads\/2022\/06\/281477293_10224687268441994_234206867113249750_n-768x354.jpg 768w, https:\/\/kristinacorey.net\/wp-content\/uploads\/2022\/06\/281477293_10224687268441994_234206867113249750_n.jpg 1028w\" sizes=\"(max-width: 1024px) 100vw, 1024px\" \/><\/figure>\n\n\n\n<p><em>Junio 2 Ma. Piedad Duran<\/em><\/p>\n\n\n\n<p><em>En esta parroquia de Taos, a los dos d\u00eda del mes de Junio de mil ochocientos sesenta y siete yo el p\u00e1rroco Gabriel Ussel bautise a Maria Piedad de seis d\u00edas de nacida hija leg\u00edtima de Francisco Duran, de Maria Isadora Velesquez. Fueron sus padrinas Anastasie Lujan, Ma. del Carmen Lujan, todos de la poesto<\/em> <em>de los Luceros.<\/em><\/p>\n\n\n\n<p><em>Para que conste<br>firmo Gabriel Ussell.<\/em><\/p>\n\n\n\n<pre id=\"tw-target-text\" class=\"wp-block-preformatted\">June 2 Ma. Piedad Duran\n\nIn this parish of Taos, on the second day of the month of June of one thousand eight hundred and sixty-seven, the parish priest Gabriel Ussel baptized Maria Piedad, six days old, legitimate daughter of Francisco Duran, of Maria Isadora Velesquez. Her godparents were Anastasie Lujan, Ma. del Carmen Lujan, all from the Luceros family.\n\nFor the record\nsigned Gabriel Ussell.<\/pre>\n\n\n\n<h2>Source<\/h2>\n\n\n\n<p>Nuestra Se\u00f1ora de Guadalupe Catholic Church (Albuquerque, Bernalillo, New Mexico), &#8220;New Mexico Births and Christenings, 1726-1918&#8221;, Baptismal register, 1866-1887 book 1: p. 51, baptism of Maria Piedad Duran; Family History Library microfilm 7548729.<\/p>\n","protected":false},"excerpt":{"rendered":"<p>My Spanish language skills are nonexistent; yet the classes I did take in school helped me enough to make sure Google Translate wasn&#8217;t translating garbage. Junio 2 Ma. Piedad Duran En esta parroquia de Taos, a los dos d\u00eda del mes de Junio de mil ochocientos sesenta y siete yo el p\u00e1rroco Gabriel Ussel bautise&#8230;<\/p>\n","protected":false},"author":1,"featured_media":0,"comment_status":"closed","ping_status":"open","sticky":false,"template":"","format":"standard","meta":{"om_disable_all_campaigns":false,"_monsterinsights_skip_tracking":false,"_monsterinsights_sitenote_active":false,"_monsterinsights_sitenote_note":"","_monsterinsights_sitenote_category":0},"categories":[19,2,20],"tags":[],"_links":{"self":[{"href":"https:\/\/kristinacorey.net\/index.php\/wp-json\/wp\/v2\/posts\/67"}],"collection":[{"href":"https:\/\/kristinacorey.net\/index.php\/wp-json\/wp\/v2\/posts"}],"about":[{"href":"https:\/\/kristinacorey.net\/index.php\/wp-json\/wp\/v2\/types\/post"}],"author":[{"embeddable":true,"href":"https:\/\/kristinacorey.net\/index.php\/wp-json\/wp\/v2\/users\/1"}],"replies":[{"embeddable":true,"href":"https:\/\/kristinacorey.net\/index.php\/wp-json\/wp\/v2\/comments?post=67"}],"version-history":[{"count":3,"href":"https:\/\/kristinacorey.net\/index.php\/wp-json\/wp\/v2\/posts\/67\/revisions"}],"predecessor-version":[{"id":72,"href":"https:\/\/kristinacorey.net\/index.php\/wp-json\/wp\/v2\/posts\/67\/revisions\/72"}],"wp:attachment":[{"href":"https:\/\/kristinacorey.net\/index.php\/wp-json\/wp\/v2\/media?parent=67"}],"wp:term":[{"taxonomy":"category","embeddable":true,"href":"https:\/\/kristinacorey.net\/index.php\/wp-json\/wp\/v2\/categories?post=67"},{"taxonomy":"post_tag","embeddable":true,"href":"https:\/\/kristinacorey.net\/index.php\/wp-json\/wp\/v2\/tags?post=67"}],"curies":[{"name":"wp","href":"https:\/\/api.w.org\/{rel}","templated":true}]}}